{"id":136,"date":"2025-10-08T17:36:51","date_gmt":"2025-10-08T22:36:51","guid":{"rendered":"http:\/\/demo.motothemes.co\/netw13\/landscape-design-service\/?p=136"},"modified":"2025-10-08T18:20:53","modified_gmt":"2025-10-08T23:20:53","slug":"irrigation-drainage","status":"publish","type":"post","link":"https:\/\/fundacionedgarnumaelcasas.org\/index.php\/2025\/10\/08\/irrigation-drainage\/","title":{"rendered":"GUARDIANES DE LA TIERRA \/ TEJEDORES DE SUE\u00d1OS"},"content":{"rendered":"\n<p class=\"has-medium-font-size\"><strong>Prop\u00f3sito<\/strong>: Fortalecer el trabajo comunitario en el territorio.<\/p>\n\n\n\n<p><\/p>\n\n\n\n<p class=\"has-medium-font-size\">Actividades:<\/p>\n\n\n\n<p>Embellecimiento y recuperaci\u00f3n de espacios p\u00fablicos.<\/p>\n\n\n\n<p>Jornadas comunitarias con apoyo de Polic\u00eda, Ej\u00e9rcito, Administraci\u00f3n y Juntas de Acci\u00f3n Comunal.<\/p>\n\n\n\n<p>Proyectos de integraci\u00f3n comunitaria y trabajo en red.<\/p>\n\n\n\n<p><\/p>\n","protected":false},"excerpt":{"rendered":"<p>Prop\u00f3sito: Fortalecer el trabajo comunitario en el territorio. Actividades: Embellecimiento y recuperaci\u00f3n de espacios p\u00fablicos. Jornadas comunitarias con apoyo de.<\/p>\n","protected":false},"author":1,"featured_media":141,"comment_status":"closed","ping_status":"closed","sticky":false,"template":"","format":"standard","meta":{"footnotes":""},"categories":[1],"tags":[],"class_list":["post-136","post","type-post","status-publish","format-standard","has-post-thumbnail","hentry","category-sin-categoria"],"_links":{"self":[{"href":"https:\/\/fundacionedgarnumaelcasas.org\/index.php\/wp-json\/wp\/v2\/posts\/136","targetHints":{"allow":["GET"]}}],"collection":[{"href":"https:\/\/fundacionedgarnumaelcasas.org\/index.php\/wp-json\/wp\/v2\/posts"}],"about":[{"href":"https:\/\/fundacionedgarnumaelcasas.org\/index.php\/wp-json\/wp\/v2\/types\/post"}],"author":[{"embeddable":true,"href":"https:\/\/fundacionedgarnumaelcasas.org\/index.php\/wp-json\/wp\/v2\/users\/1"}],"replies":[{"embeddable":true,"href":"https:\/\/fundacionedgarnumaelcasas.org\/index.php\/wp-json\/wp\/v2\/comments?post=136"}],"version-history":[{"count":1,"href":"https:\/\/fundacionedgarnumaelcasas.org\/index.php\/wp-json\/wp\/v2\/posts\/136\/revisions"}],"predecessor-version":[{"id":420,"href":"https:\/\/fundacionedgarnumaelcasas.org\/index.php\/wp-json\/wp\/v2\/posts\/136\/revisions\/420"}],"wp:featuredmedia":[{"embeddable":true,"href":"https:\/\/fundacionedgarnumaelcasas.org\/index.php\/wp-json\/wp\/v2\/media\/141"}],"wp:attachment":[{"href":"https:\/\/fundacionedgarnumaelcasas.org\/index.php\/wp-json\/wp\/v2\/media?parent=136"}],"wp:term":[{"taxonomy":"category","embeddable":true,"href":"https:\/\/fundacionedgarnumaelcasas.org\/index.php\/wp-json\/wp\/v2\/categories?post=136"},{"taxonomy":"post_tag","embeddable":true,"href":"https:\/\/fundacionedgarnumaelcasas.org\/index.php\/wp-json\/wp\/v2\/tags?post=136"}],"curies":[{"name":"wp","href":"https:\/\/api.w.org\/{rel}","templated":true}]}}