{"id":135,"date":"2025-10-08T18:19:09","date_gmt":"2025-10-08T23:19:09","guid":{"rendered":"http:\/\/demo.motothemes.co\/netw13\/landscape-design-service\/?p=135"},"modified":"2025-10-08T18:19:10","modified_gmt":"2025-10-08T23:19:10","slug":"ground-care","status":"publish","type":"post","link":"https:\/\/fundacionedgarnumaelcasas.org\/index.php\/2025\/10\/08\/ground-care\/","title":{"rendered":"HUELLA VERDE"},"content":{"rendered":"\n<p><strong>Prop\u00f3sito<\/strong>: <\/p>\n\n\n\n<p>Impulsar acciones de recuperaci\u00f3n y protecci\u00f3n ambiental.<\/p>\n\n\n\n<p><strong>Actividades<\/strong>:<\/p>\n\n\n\n<p>Reforestaci\u00f3n con especies nativas.<\/p>\n\n\n\n<p>Recuperaci\u00f3n de fuentes h\u00eddricas.<\/p>\n\n\n\n<p>Campa\u00f1as de educaci\u00f3n ambiental en colegios y comunidades. Jornadas de limpieza y cuidado de espacios naturales.<\/p>\n\n\n\n<p><\/p>\n","protected":false},"excerpt":{"rendered":"<p>Prop\u00f3sito: Impulsar acciones de recuperaci\u00f3n y protecci\u00f3n ambiental. Actividades: Reforestaci\u00f3n con especies nativas. Recuperaci\u00f3n de fuentes h\u00eddricas. Campa\u00f1as de educaci\u00f3n.<\/p>\n","protected":false},"author":1,"featured_media":51,"comment_status":"closed","ping_status":"closed","sticky":false,"template":"","format":"standard","meta":{"footnotes":""},"categories":[1],"tags":[],"class_list":["post-135","post","type-post","status-publish","format-standard","has-post-thumbnail","hentry","category-sin-categoria"],"_links":{"self":[{"href":"https:\/\/fundacionedgarnumaelcasas.org\/index.php\/wp-json\/wp\/v2\/posts\/135","targetHints":{"allow":["GET"]}}],"collection":[{"href":"https:\/\/fundacionedgarnumaelcasas.org\/index.php\/wp-json\/wp\/v2\/posts"}],"about":[{"href":"https:\/\/fundacionedgarnumaelcasas.org\/index.php\/wp-json\/wp\/v2\/types\/post"}],"author":[{"embeddable":true,"href":"https:\/\/fundacionedgarnumaelcasas.org\/index.php\/wp-json\/wp\/v2\/users\/1"}],"replies":[{"embeddable":true,"href":"https:\/\/fundacionedgarnumaelcasas.org\/index.php\/wp-json\/wp\/v2\/comments?post=135"}],"version-history":[{"count":1,"href":"https:\/\/fundacionedgarnumaelcasas.org\/index.php\/wp-json\/wp\/v2\/posts\/135\/revisions"}],"predecessor-version":[{"id":432,"href":"https:\/\/fundacionedgarnumaelcasas.org\/index.php\/wp-json\/wp\/v2\/posts\/135\/revisions\/432"}],"wp:featuredmedia":[{"embeddable":true,"href":"https:\/\/fundacionedgarnumaelcasas.org\/index.php\/wp-json\/wp\/v2\/media\/51"}],"wp:attachment":[{"href":"https:\/\/fundacionedgarnumaelcasas.org\/index.php\/wp-json\/wp\/v2\/media?parent=135"}],"wp:term":[{"taxonomy":"category","embeddable":true,"href":"https:\/\/fundacionedgarnumaelcasas.org\/index.php\/wp-json\/wp\/v2\/categories?post=135"},{"taxonomy":"post_tag","embeddable":true,"href":"https:\/\/fundacionedgarnumaelcasas.org\/index.php\/wp-json\/wp\/v2\/tags?post=135"}],"curies":[{"name":"wp","href":"https:\/\/api.w.org\/{rel}","templated":true}]}}